{"id":8443,"date":"2020-12-15T14:24:31","date_gmt":"2020-12-15T13:24:31","guid":{"rendered":"http:\/\/kls-neuruppin.de\/wordpress\/?p=8443"},"modified":"2020-12-15T14:24:32","modified_gmt":"2020-12-15T13:24:32","slug":"aenderungen-beim-tragen-der-mund-nasen-bedeckung-ab-dem-16-12-2020","status":"publish","type":"post","link":"https:\/\/kls-neuruppin.de\/wordpress\/2020\/12\/15\/aenderungen-beim-tragen-der-mund-nasen-bedeckung-ab-dem-16-12-2020\/","title":{"rendered":"\u00c4nderungen beim Tragen der Mund-Nasen-Bedeckung ab dem 16.12.2020"},"content":{"rendered":"\n<p>Sehr geehrte Eltern,<\/p>\n\n\n\n<p>am heutigen Dienstag ver\u00f6ffentlichte das Land Brandenburg die &#8220;Dritte Verordnung \u00fcber befristete Eind\u00e4mmungsma\u00dfnahmen aufgrund des SARS-CoV-2-Virus und COVID-19 im Land Brandenburg.&#8221; Die ab <strong>16.12.2020<\/strong> (Mittwoch) g\u00fcltige Verordnung weist <em>\u00c4nderungen beim Tragen der Mund-Nasen-Bedeckung f\u00fcr die Sch\u00fclerinnen und Sch\u00fcler<\/em> aus, \u00fcber die ich Sie nachfolgend informieren m\u00f6chte.<\/p>\n\n\n\n<p>Gem\u00e4\u00df Paragraph 17 Absatz 1 besteht in den <strong>Innen- und Au\u00dfenbereichen<\/strong> von Schulen die Pflicht zum Tragen einer Mund-Nasen-Bedeckung f\u00fcr alle Sch\u00fclerinnen und Sch\u00fcler der Jahrgangsstufe 1-6. Von der Tragepflicht ausgenommen sind Sch\u00fclerinnen und Sch\u00fcler der Jahrgangsstufen 1 bis 4 <strong>im Au\u00dfenbereich (Schulhof)<\/strong> sowie alle Sch\u00fclerinnen und Sch\u00fcler bei der praktischen Durchf\u00fchrung des Sportunterrichts. W\u00e4hrend des Sto\u00dfl\u00fcftens in den Unterrichtsr\u00e4umen k\u00f6nnen Sch\u00fclerinnen und Sch\u00fcler die Mund-Nasen-Bedeckung vor\u00fcbergehend abnehmen.<\/p>\n\n\n\n<p>Mit freundlichen Gr\u00fc\u00dfen<\/p>\n\n\n\n<p>Mathias J\u00e4kel<\/p>\n\n\n\n<p>Schulleiter<\/p>\n","protected":false},"excerpt":{"rendered":"<p>Sehr geehrte Eltern, am heutigen Dienstag ver\u00f6ffentlichte das Land Brandenburg die &#8220;Dritte Verordnung \u00fcber befristete Eind\u00e4mmungsma\u00dfnahmen aufgrund des SARS-CoV-2-Virus und COVID-19 im Land Brandenburg.&#8221; Die ab 16.12.2020 (Mittwoch) g\u00fcltige Verordnung weist \u00c4nderungen beim Tragen der Mund-Nasen-Bedeckung f\u00fcr die Sch\u00fclerinnen und Sch\u00fcler aus, \u00fcber die ich Sie nachfolgend informieren m\u00f6chte. Gem\u00e4\u00df Paragraph 17 Absatz 1 besteht [&hellip;]<\/p>\n","protected":false},"author":1,"featured_media":0,"comment_status":"closed","ping_status":"closed","sticky":false,"template":"","format":"standard","meta":{"ngg_post_thumbnail":0,"footnotes":""},"categories":[1],"tags":[],"class_list":["post-8443","post","type-post","status-publish","format-standard","hentry","category-allgemein"],"_links":{"self":[{"href":"https:\/\/kls-neuruppin.de\/wordpress\/wp-json\/wp\/v2\/posts\/8443","targetHints":{"allow":["GET"]}}],"collection":[{"href":"https:\/\/kls-neuruppin.de\/wordpress\/wp-json\/wp\/v2\/posts"}],"about":[{"href":"https:\/\/kls-neuruppin.de\/wordpress\/wp-json\/wp\/v2\/types\/post"}],"author":[{"embeddable":true,"href":"https:\/\/kls-neuruppin.de\/wordpress\/wp-json\/wp\/v2\/users\/1"}],"replies":[{"embeddable":true,"href":"https:\/\/kls-neuruppin.de\/wordpress\/wp-json\/wp\/v2\/comments?post=8443"}],"version-history":[{"count":1,"href":"https:\/\/kls-neuruppin.de\/wordpress\/wp-json\/wp\/v2\/posts\/8443\/revisions"}],"predecessor-version":[{"id":8444,"href":"https:\/\/kls-neuruppin.de\/wordpress\/wp-json\/wp\/v2\/posts\/8443\/revisions\/8444"}],"wp:attachment":[{"href":"https:\/\/kls-neuruppin.de\/wordpress\/wp-json\/wp\/v2\/media?parent=8443"}],"wp:term":[{"taxonomy":"category","embeddable":true,"href":"https:\/\/kls-neuruppin.de\/wordpress\/wp-json\/wp\/v2\/categories?post=8443"},{"taxonomy":"post_tag","embeddable":true,"href":"https:\/\/kls-neuruppin.de\/wordpress\/wp-json\/wp\/v2\/tags?post=8443"}],"curies":[{"name":"wp","href":"https:\/\/api.w.org\/{rel}","templated":true}]}}